{"id":3044,"date":"2024-09-12T09:02:34","date_gmt":"2024-09-12T07:02:34","guid":{"rendered":"https:\/\/imkerverein-troisdorf.de\/newWebsite\/?p=3044"},"modified":"2024-09-12T09:06:02","modified_gmt":"2024-09-12T07:06:02","slug":"fuer-kurzentschlossene-am-sonntag-15-september-danach-geht-der-lehrbienenstand-in-die-winterpause","status":"publish","type":"post","link":"https:\/\/imkerverein-troisdorf.de\/newWebsite\/2024\/09\/12\/fuer-kurzentschlossene-am-sonntag-15-september-danach-geht-der-lehrbienenstand-in-die-winterpause\/","title":{"rendered":"F\u00fcr Kurzentschlossene am Sonntag, 15. September \u2013 danach geht der Lehrbienenstand in die Winterpause"},"content":{"rendered":"\n<p>Von 10 &#8211; 13 Uhr \u00f6ffnet der Lehrbienenstand des Imkervereins Troisdorf abseits der Altenrather Stra\u00dfe 51 letztmalig seine Pforten f\u00fcr das allgemeine Publikum. ImkerInnen des Vereins f\u00fchren \u00fcber das Gel\u00e4nde und erl\u00e4utern, wie sich die Bienen jetzt auf den Winter vorbereiten. Ende des Monats ziehen auch die Immen im Schaubienenkasten, den ein Mitglied dem Verein zur Verf\u00fcgung stellte, in ihr Winterquartier um.<\/p>\n\n\n\n<p>Zwar finden auch danach noch gebuchte F\u00fchrungen f\u00fcr Kinderg\u00e4rten, Schulen und andere Zusammenschl\u00fcsse statt, doch sobald die Temperaturen unter 11 Grad Celsius sinken, ist Rudelkuscheln bei den flei\u00dfigen Tieren angesagt und sie fliegen nicht mehr.<\/p>\n\n\n\n<p>Von Mai bis September 2025 ist der Lehrbienenstand wieder an jedem 1. und 3. Sonntag im Monat f\u00fcr das Publikum ge\u00f6ffnet. F\u00fchrungen k\u00f6nnen bereits jetzt unter <a href=\"mailto:fuehrungen@imkerverein-troisdorf.de\">fuehrungen@imkerverein-troisdorf.de<\/a> f\u00fcr die Zeit ab Mai 2025 gebucht werden.<\/p>\n\n\n\n<p>Eva Renfordt, 11.9.2024<\/p>\n","protected":false},"excerpt":{"rendered":"<p>Von 10 &#8211; 13 Uhr \u00f6ffnet der Lehrbienenstand des Imkervereins Troisdorf abseits der Altenrather Stra\u00dfe 51 letztmalig seine Pforten f\u00fcr das allgemeine Publikum. ImkerInnen des Vereins f\u00fchren \u00fcber das Gel\u00e4nde und erl\u00e4utern, wie sich die Bienen jetzt auf den Winter vorbereiten. Ende des Monats ziehen auch die Immen im Schaubienenkasten, den ein Mitglied dem Verein [&hellip;]<\/p>\n","protected":false},"author":162,"featured_media":3045,"comment_status":"open","ping_status":"closed","sticky":false,"template":"","format":"standard","meta":{"footnotes":""},"categories":[27],"tags":[],"class_list":["post-3044","post","type-post","status-publish","format-standard","has-post-thumbnail","hentry","category-aktuelles"],"_links":{"self":[{"href":"https:\/\/imkerverein-troisdorf.de\/newWebsite\/wp-json\/wp\/v2\/posts\/3044","targetHints":{"allow":["GET"]}}],"collection":[{"href":"https:\/\/imkerverein-troisdorf.de\/newWebsite\/wp-json\/wp\/v2\/posts"}],"about":[{"href":"https:\/\/imkerverein-troisdorf.de\/newWebsite\/wp-json\/wp\/v2\/types\/post"}],"author":[{"embeddable":true,"href":"https:\/\/imkerverein-troisdorf.de\/newWebsite\/wp-json\/wp\/v2\/users\/162"}],"replies":[{"embeddable":true,"href":"https:\/\/imkerverein-troisdorf.de\/newWebsite\/wp-json\/wp\/v2\/comments?post=3044"}],"version-history":[{"count":2,"href":"https:\/\/imkerverein-troisdorf.de\/newWebsite\/wp-json\/wp\/v2\/posts\/3044\/revisions"}],"predecessor-version":[{"id":3047,"href":"https:\/\/imkerverein-troisdorf.de\/newWebsite\/wp-json\/wp\/v2\/posts\/3044\/revisions\/3047"}],"wp:featuredmedia":[{"embeddable":true,"href":"https:\/\/imkerverein-troisdorf.de\/newWebsite\/wp-json\/wp\/v2\/media\/3045"}],"wp:attachment":[{"href":"https:\/\/imkerverein-troisdorf.de\/newWebsite\/wp-json\/wp\/v2\/media?parent=3044"}],"wp:term":[{"taxonomy":"category","embeddable":true,"href":"https:\/\/imkerverein-troisdorf.de\/newWebsite\/wp-json\/wp\/v2\/categories?post=3044"},{"taxonomy":"post_tag","embeddable":true,"href":"https:\/\/imkerverein-troisdorf.de\/newWebsite\/wp-json\/wp\/v2\/tags?post=3044"}],"curies":[{"name":"wp","href":"https:\/\/api.w.org\/{rel}","templated":true}]}}