{"id":3212,"date":"2025-02-07T16:43:48","date_gmt":"2025-02-07T15:43:48","guid":{"rendered":"https:\/\/imkerverein-troisdorf.de\/newWebsite\/?p=3212"},"modified":"2025-04-27T10:51:10","modified_gmt":"2025-04-27T08:51:10","slug":"winterzeit-fortbildungszeit-mitglieder-des-imkerverein-troisdorf-bei-den-celler-imkertagen","status":"publish","type":"post","link":"https:\/\/imkerverein-troisdorf.de\/newWebsite\/2025\/02\/07\/winterzeit-fortbildungszeit-mitglieder-des-imkerverein-troisdorf-bei-den-celler-imkertagen\/","title":{"rendered":"Winterzeit = Fortbildungszeit: Mitglieder des Imkerverein Troisdorf bei den Celler Imkertagen"},"content":{"rendered":"\n<p>Immer am letzten Wochenende im Januar finden die Imkertage in Celle statt, welche vom Deutschen Berufs- und Erwerbsimkerbund e.V. ausgerichtet werden. Hierbei handelt es sich um einen beliebten Treffpunkt der Imker in Norddeutschland, zieht jedoch auch \u00fcberregionale Interessenten an.<\/p>\n\n\n\n<p>So waren auch wir vom Imkerverein Troisdorf 1904 e. V. mit 8 Mitgliedern am Samstag vor Ort, um uns mit den neusten Entwicklungen und wissenschaftlichen Erkenntnissen rund um die Bienen, ihre Produkte und neuen Techniken zur Verarbeitung vertraut zu machen.<\/p>\n\n\n\n<figure class=\"wp-block-image size-full\"><img fetchpriority=\"high\" decoding=\"async\" width=\"933\" height=\"712\" src=\"https:\/\/imkerverein-troisdorf.de\/newWebsite\/wp-content\/uploads\/2025\/02\/Bild1.jpg\" alt=\"\" class=\"wp-image-3213\" srcset=\"https:\/\/imkerverein-troisdorf.de\/newWebsite\/wp-content\/uploads\/2025\/02\/Bild1.jpg 933w, https:\/\/imkerverein-troisdorf.de\/newWebsite\/wp-content\/uploads\/2025\/02\/Bild1-300x229.jpg 300w, https:\/\/imkerverein-troisdorf.de\/newWebsite\/wp-content\/uploads\/2025\/02\/Bild1-768x586.jpg 768w\" sizes=\"(max-width: 933px) 100vw, 933px\" \/><figcaption class=\"wp-element-caption\"><em>vlnr: Lisa, Eva, Sephan, Bettina, Otto, Christian, Susanne &amp; Anett<\/em><\/figcaption><\/figure>\n\n\n\n<p>Von A wie Apitherapie bis W wie Wildbienen konnten mehrere hundert Teilnehmende in parallelen Informationsveranstaltungen ihre Kenntnisse vertiefen und an rund 60 St\u00e4nden mit den Ausstellenden, die Honigschleudern ebenso anboten wie Beuten oder Honigl\u00f6ffel, ins Gespr\u00e4ch kommen.<\/p>\n\n\n\n<p>Am Sonntag besichtigten wir zun\u00e4chst das Denkmal \u201eDer Wietzendorfer Imker\u201c, welches zu Ehren an die Heideimkerei und des allj\u00e4hrlichen \u201eHonigfests\u201c geschaffen wurde. <\/p>\n\n\n\n<figure class=\"wp-block-image size-full\"><img decoding=\"async\" width=\"999\" height=\"770\" src=\"https:\/\/imkerverein-troisdorf.de\/newWebsite\/wp-content\/uploads\/2025\/02\/Bild2.jpg\" alt=\"\" class=\"wp-image-3214\" srcset=\"https:\/\/imkerverein-troisdorf.de\/newWebsite\/wp-content\/uploads\/2025\/02\/Bild2.jpg 999w, https:\/\/imkerverein-troisdorf.de\/newWebsite\/wp-content\/uploads\/2025\/02\/Bild2-300x231.jpg 300w, https:\/\/imkerverein-troisdorf.de\/newWebsite\/wp-content\/uploads\/2025\/02\/Bild2-768x592.jpg 768w\" sizes=\"(max-width: 999px) 100vw, 999px\" \/><figcaption class=\"wp-element-caption\"><em>Denkmal \u201eDer Wietzendorfer Imker\u201c mit furchteinfl\u00f6\u00dfendem Bannkorb. <\/em><br><em>Die eingearbeitete Maske soll Diebe, Krankheiten und b\u00f6se Geister abschrecken.<\/em><\/figcaption><\/figure>\n\n\n\n<p>Im Anschluss ging es zum Heimatverein Peetshof, welcher im ehemaligen Treppenspeicher nun eine Torf- und Imkerausstellung beherbergt. Wolfgang Schanz, Gesch\u00e4ftsf\u00fchrer, gab uns hier sowie im Haupthaus interessante Einblicke. Auch mit Sven Stockhausen, 1. Vorsitzender des Imkerverein Wietzendorf, haben wir uns \u00fcber die Gemeinsamkeiten und Unterschiede beider Vereine und der Imkerei ausgetauscht.<\/p>\n\n\n\n<figure class=\"wp-block-image size-large\"><img decoding=\"async\" width=\"1024\" height=\"768\" src=\"https:\/\/imkerverein-troisdorf.de\/newWebsite\/wp-content\/uploads\/2025\/02\/Bild3-1024x768.jpg\" alt=\"\" class=\"wp-image-3216\" srcset=\"https:\/\/imkerverein-troisdorf.de\/newWebsite\/wp-content\/uploads\/2025\/02\/Bild3-1024x768.jpg 1024w, https:\/\/imkerverein-troisdorf.de\/newWebsite\/wp-content\/uploads\/2025\/02\/Bild3-300x225.jpg 300w, https:\/\/imkerverein-troisdorf.de\/newWebsite\/wp-content\/uploads\/2025\/02\/Bild3-768x576.jpg 768w, https:\/\/imkerverein-troisdorf.de\/newWebsite\/wp-content\/uploads\/2025\/02\/Bild3.jpg 1500w\" sizes=\"(max-width: 1024px) 100vw, 1024px\" \/><figcaption class=\"wp-element-caption\"><em>Die Reisegruppe mit Sven Stockhausen (links)<\/em><\/figcaption><\/figure>\n\n\n\n<p>Fazit unseres Ausflugs: viel gelernt, viel erfahren, viel Spa\u00df gehabt.<\/p>\n\n\n\n<p>Eva Renfordt\/Anett Stelzer, 07.02.2025<\/p>\n","protected":false},"excerpt":{"rendered":"<p>Immer am letzten Wochenende im Januar finden die Imkertage in Celle statt, welche vom Deutschen Berufs- und Erwerbsimkerbund e.V. ausgerichtet werden. Hierbei handelt es sich um einen beliebten Treffpunkt der Imker in Norddeutschland, zieht jedoch auch \u00fcberregionale Interessenten an. So waren auch wir vom Imkerverein Troisdorf 1904 e. V. mit 8 Mitgliedern am Samstag vor [&hellip;]<\/p>\n","protected":false},"author":162,"featured_media":0,"comment_status":"open","ping_status":"closed","sticky":false,"template":"","format":"standard","meta":{"footnotes":""},"categories":[27],"tags":[],"class_list":["post-3212","post","type-post","status-publish","format-standard","hentry","category-aktuelles"],"_links":{"self":[{"href":"https:\/\/imkerverein-troisdorf.de\/newWebsite\/wp-json\/wp\/v2\/posts\/3212","targetHints":{"allow":["GET"]}}],"collection":[{"href":"https:\/\/imkerverein-troisdorf.de\/newWebsite\/wp-json\/wp\/v2\/posts"}],"about":[{"href":"https:\/\/imkerverein-troisdorf.de\/newWebsite\/wp-json\/wp\/v2\/types\/post"}],"author":[{"embeddable":true,"href":"https:\/\/imkerverein-troisdorf.de\/newWebsite\/wp-json\/wp\/v2\/users\/162"}],"replies":[{"embeddable":true,"href":"https:\/\/imkerverein-troisdorf.de\/newWebsite\/wp-json\/wp\/v2\/comments?post=3212"}],"version-history":[{"count":9,"href":"https:\/\/imkerverein-troisdorf.de\/newWebsite\/wp-json\/wp\/v2\/posts\/3212\/revisions"}],"predecessor-version":[{"id":3234,"href":"https:\/\/imkerverein-troisdorf.de\/newWebsite\/wp-json\/wp\/v2\/posts\/3212\/revisions\/3234"}],"wp:attachment":[{"href":"https:\/\/imkerverein-troisdorf.de\/newWebsite\/wp-json\/wp\/v2\/media?parent=3212"}],"wp:term":[{"taxonomy":"category","embeddable":true,"href":"https:\/\/imkerverein-troisdorf.de\/newWebsite\/wp-json\/wp\/v2\/categories?post=3212"},{"taxonomy":"post_tag","embeddable":true,"href":"https:\/\/imkerverein-troisdorf.de\/newWebsite\/wp-json\/wp\/v2\/tags?post=3212"}],"curies":[{"name":"wp","href":"https:\/\/api.w.org\/{rel}","templated":true}]}}